{"id":1729,"date":"2022-03-31T17:50:41","date_gmt":"2022-03-31T16:50:41","guid":{"rendered":"https:\/\/rethinkmaterials.org\/?p=1729"},"modified":"2022-03-31T18:17:11","modified_gmt":"2022-03-31T17:17:11","slug":"zugast-beim-ethz-reuse-studio-von-barbara-buser","status":"publish","type":"post","link":"https:\/\/rethinkmaterials.org\/de\/zugast-beim-ethz-reuse-studio-von-barbara-buser\/","title":{"rendered":"Zugast beim ETHZ ReUse Studio von Barbara Buser"},"content":{"rendered":"<div class=\"\">\n<div class=\"\">Das Rethink Materials Kollektiv wurde eingeladen, im Rahmen der <a href=\"https:\/\/doz.arch.ethz.ch\/gastdoz\/gastdozentin-barbara-buser.html\">Gastprofessur von Barbara Buser an der ETH<\/a> einen Vortrag \u00fcber die Inventarisierung als Grundlage f\u00fcr erfolgreiches zirkul\u00e4res Bauen zu halten. Dabei gingen wir der Frage nach, wie eine richtige Inventarisierung stattfindet, sodass das Potential der wiederzuverwendenden Geb\u00e4udeteile eruiert werden kann. Anschliessend wurde das theoretische Wissen anhand einer Inventarisierungs\u00fcbung angewendet und im Plenum ausgewertet.<\/div>\n<\/div>\n<div class=\"\"><\/div>\n<div><\/div>\n<div class=\"\">\n<div class=\"\">\u00dcber 20 motivierte Student*innen erlernen w\u00e4hrend eines Semesters, die Abh\u00e4ngigkeiten im Entwurfsprozess mit wiederverwendeten Bauteilen.<\/div>\n<div class=\"\">Es war ein reger Austausch und es freut uns, dass sich die Student*innen f\u00fcr ein zirkul\u00e4res Bauen begeistern liessen!<\/div>\n<\/div>\n<div><\/div>\n<div><\/div>\n<div>Mehr zum ReUse Studio an der ETHZ auf Instagram <a href=\"https:\/\/instagram.com\/studio_reuse_ethz?utm_medium=copy_link\">@studio_reuse_ethz<\/a>.<\/div>\n<div><\/div>\n<div><img loading=\"lazy\" class=\"alignnone wp-image-1736 size-full\" src=\"https:\/\/rethinkmaterials.org\/wp-content\/uploads\/2022\/03\/IMG_20220301_162934-scaled-e1648746646799.jpg\" alt=\"\" width=\"600\" height=\"800\" \/><\/div>\n<div><\/div>\n<div><img loading=\"lazy\" class=\"alignnone wp-image-1733 size-full\" src=\"https:\/\/rethinkmaterials.org\/wp-content\/uploads\/2022\/03\/IMG_20220301_155243-scaled-e1648746844172.jpg\" alt=\"\" width=\"600\" height=\"450\" \/><\/div>\n<div><\/div>\n<div><img loading=\"lazy\" class=\"alignnone wp-image-1735 size-full\" src=\"https:\/\/rethinkmaterials.org\/wp-content\/uploads\/2022\/03\/IMG_20220301_160806-scaled-e1648746819467.jpg\" alt=\"\" width=\"600\" height=\"450\" \/><\/div>\n","protected":false},"excerpt":{"rendered":"<p>Das Rethink Materials Kollektiv wurde eingeladen, im Rahmen der Gastprofessur von Barbara Buser an der ETH einen Vortrag \u00fcber die Inventarisierung als Grundlage f\u00fcr erfolgreiches zirkul\u00e4res Bauen zu halten. Dabei [&hellip;]<\/p>\n","protected":false},"author":1,"featured_media":1731,"comment_status":"open","ping_status":"open","sticky":false,"template":"","format":"standard","meta":[],"categories":[6],"tags":[],"_links":{"self":[{"href":"https:\/\/rethinkmaterials.org\/de\/wp-json\/wp\/v2\/posts\/1729"}],"collection":[{"href":"https:\/\/rethinkmaterials.org\/de\/wp-json\/wp\/v2\/posts"}],"about":[{"href":"https:\/\/rethinkmaterials.org\/de\/wp-json\/wp\/v2\/types\/post"}],"author":[{"embeddable":true,"href":"https:\/\/rethinkmaterials.org\/de\/wp-json\/wp\/v2\/users\/1"}],"replies":[{"embeddable":true,"href":"https:\/\/rethinkmaterials.org\/de\/wp-json\/wp\/v2\/comments?post=1729"}],"version-history":[{"count":4,"href":"https:\/\/rethinkmaterials.org\/de\/wp-json\/wp\/v2\/posts\/1729\/revisions"}],"predecessor-version":[{"id":1739,"href":"https:\/\/rethinkmaterials.org\/de\/wp-json\/wp\/v2\/posts\/1729\/revisions\/1739"}],"wp:featuredmedia":[{"embeddable":true,"href":"https:\/\/rethinkmaterials.org\/de\/wp-json\/wp\/v2\/media\/1731"}],"wp:attachment":[{"href":"https:\/\/rethinkmaterials.org\/de\/wp-json\/wp\/v2\/media?parent=1729"}],"wp:term":[{"taxonomy":"category","embeddable":true,"href":"https:\/\/rethinkmaterials.org\/de\/wp-json\/wp\/v2\/categories?post=1729"},{"taxonomy":"post_tag","embeddable":true,"href":"https:\/\/rethinkmaterials.org\/de\/wp-json\/wp\/v2\/tags?post=1729"}],"curies":[{"name":"wp","href":"https:\/\/api.w.org\/{rel}","templated":true}]}}